{"id":1,"date":"2022-12-01T22:53:22","date_gmt":"2022-12-01T21:53:22","guid":{"rendered":"http:\/\/maerlibuech.ch\/?p=1"},"modified":"2022-12-01T23:57:20","modified_gmt":"2022-12-01T22:57:20","slug":"start","status":"publish","type":"post","link":"https:\/\/maerlibuech.ch\/index.php\/2022\/12\/01\/start\/","title":{"rendered":"#"},"content":{"rendered":"<div class=\"wp-block-image\">\n<figure class=\"aligncenter\"><img decoding=\"async\" src=\"https:\/\/maerlibuech.ch\/wp-content\/uploads\/2022\/12\/HeaderImage.png\" alt=\"\"\/><\/figure>\n<\/div>\n\n\n<p class=\"has-text-align-right\">Illustration: Chantal Horlent<\/p>\n\n\n\n<p class=\"has-text-align-center has-x-large-font-size\"><strong>Es musikalischs Chinderstuck<br>f\u00fcr die ganz Familie<\/strong><br>von Sandra Suter<\/p>\n\n\n\n<p>Janina und Luca k\u00f6nnen ihr M\u00e4rchenbuch nicht mehr finden.<br>Im Traumland erfahren sie, dass alle B\u00fccher zum M\u00e4rliw\u00e4chter ge-<br>flohen sind, weil die Kinder der Menschen keine M\u00e4rchen mehr<br>h\u00f6ren wollen. Da sich die M\u00e4rchen nun im M\u00e4rliland gestaut haben, ist auf einmal die Geschichte von \u00abSchneewittchen\u00bb durcheinandergeraten. Der M\u00e4rliw\u00e4chter bittet die Kinder, ins M\u00e4rliland zu reisen und Ordnung ins Chaos zu bringen. Bei den M\u00e4rchenfiguren und<br>Fabelwesen wollen die beiden herausfinden, wie die wahre Geschichte von \u00abSchneewittchen\u00bb geht. Doch niemand kann sich daran erinnern. Gemeinsam mit den M\u00e4rchenfiguren packen sie die Sache schliesslich mit viel Humor und Fantasie an.<br><strong>\u00abS\u2019letsche M\u00e4rlibuech\u00bb ist eine Ode ans Geschichtenerz\u00e4hlen und zaubert selbst eine frische, lustige und ber\u00fchrende Geschichte mit toller Live-Musik auf die Theaterb\u00fchne. Viel Spass!!<\/strong><\/p>\n\n\n\n<p class=\"has-small-font-size\"><a href=\"http:\/\/www.sandra-suter.ch\/wp-content\/uploads\/2022\/02\/SuterSan-Suech-das-Buech_MixMario-v3-1.mp3n\">REINH\u00d6REN \u2013 SUECH DAS BUECH!<\/a><br>(Stimmen: Svenja Schicker, Lou Vogel, Sandra Suter,<br>Keyboard: Sandra Suter, Bass: Thomas Lutz, Drums: Lorenzo Demenga)<\/p>\n\n\n\n<blockquote class=\"wp-block-quote is-layout-flow wp-block-quote-is-layout-flow\">\n<p class=\"has-medium-font-size\">\u00abEs ist Sandra Suter gelungen, anhand des \u00abSchneewittchens\u00bb eine eigenwillige, gewitzte, spannende und phantasiereiche Kindergeschichte zu erz\u00e4hlen, die aufzeigt, wie Kinder ins M\u00e4rchen eindringen und \u2013 mit Bezug zu heute \u2013 daraus ihre eigene Geschichte machen k\u00f6nnen.\u00bb <\/p>\n<cite>Peter Niklaus Steiner<\/cite><\/blockquote>\n\n\n\n<p><strong>KREATIV-TEAM<\/strong><br><strong>Text, Musik, k\u00fcnstlerische Leitung<\/strong> Sandra Suter<br><strong>Regie<\/strong> Sonja Streifinger<br><strong>B\u00fchne<\/strong> Sandra Antille<br><strong>Kost\u00fcme<\/strong> Tiziana Angela Ramsauer<\/p>\n\n\n\n<p><br><strong>PRODUKTIONSTEAM<br>Produktionsleitung<\/strong> Shirin Lupp, Seraina Bozzone<br><strong>Fundraising<\/strong> Cornelia Roos, Shirin Lupp<br><strong>Coaching Migros Kulturprozent<\/strong> Theater Sgaramusch Stefan Colombo, Nora Vonder M\u00fchll<\/p>\n\n\n\n<figure class=\"wp-block-image is-resized\"><img loading=\"lazy\" decoding=\"async\" src=\"https:\/\/maerlibuech.ch\/wp-content\/uploads\/2022\/12\/Migros_Logo.png\" alt=\"\" width=\"224\" height=\"51\"\/><\/figure>\n\n\n\n<p><\/p>\n","protected":false},"excerpt":{"rendered":"<p>Illustration: Chantal Horlent Es musikalischs Chinderstuckf\u00fcr die ganz Familievon Sandra Suter Janina und Luca k\u00f6nnen ihr M\u00e4rchenbuch nicht mehr finden.Im Traumland erfahren sie, dass alle B\u00fccher zum M\u00e4rliw\u00e4chter ge-flohen sind, weil die Kinder der Menschen keine M\u00e4rchen mehrh\u00f6ren wollen. Da sich die M\u00e4rchen nun im M\u00e4rliland gestaut haben, ist auf einmal die Geschichte von \u00abSchneewittchen\u00bb [&hellip;]<\/p>\n","protected":false},"author":1,"featured_media":0,"comment_status":"closed","ping_status":"closed","sticky":false,"template":"","format":"standard","meta":{"footnotes":""},"categories":[1],"tags":[],"class_list":["post-1","post","type-post","status-publish","format-standard","hentry","category-allgemein"],"_links":{"self":[{"href":"https:\/\/maerlibuech.ch\/index.php\/wp-json\/wp\/v2\/posts\/1","targetHints":{"allow":["GET"]}}],"collection":[{"href":"https:\/\/maerlibuech.ch\/index.php\/wp-json\/wp\/v2\/posts"}],"about":[{"href":"https:\/\/maerlibuech.ch\/index.php\/wp-json\/wp\/v2\/types\/post"}],"author":[{"embeddable":true,"href":"https:\/\/maerlibuech.ch\/index.php\/wp-json\/wp\/v2\/users\/1"}],"replies":[{"embeddable":true,"href":"https:\/\/maerlibuech.ch\/index.php\/wp-json\/wp\/v2\/comments?post=1"}],"version-history":[{"count":7,"href":"https:\/\/maerlibuech.ch\/index.php\/wp-json\/wp\/v2\/posts\/1\/revisions"}],"predecessor-version":[{"id":19,"href":"https:\/\/maerlibuech.ch\/index.php\/wp-json\/wp\/v2\/posts\/1\/revisions\/19"}],"wp:attachment":[{"href":"https:\/\/maerlibuech.ch\/index.php\/wp-json\/wp\/v2\/media?parent=1"}],"wp:term":[{"taxonomy":"category","embeddable":true,"href":"https:\/\/maerlibuech.ch\/index.php\/wp-json\/wp\/v2\/categories?post=1"},{"taxonomy":"post_tag","embeddable":true,"href":"https:\/\/maerlibuech.ch\/index.php\/wp-json\/wp\/v2\/tags?post=1"}],"curies":[{"name":"wp","href":"https:\/\/api.w.org\/{rel}","templated":true}]}}